{"id":4081,"date":"2026-08-24T07:28:31","date_gmt":"2026-08-24T05:28:31","guid":{"rendered":"https:\/\/www.centrovolleyreggiano.it\/stage_2024_db3\/?p=4081"},"modified":"2026-08-24T07:28:31","modified_gmt":"2026-08-24T05:28:31","slug":"fos-cvr-mercoledi-il-via-alla-preparazione","status":"publish","type":"post","link":"https:\/\/www.centrovolleyreggiano.it\/stage_2024_db3\/2026\/08\/24\/fos-cvr-mercoledi-il-via-alla-preparazione\/","title":{"rendered":"FOS CVR, mercoled\u00ec il via alla preparazione"},"content":{"rendered":"\n<p class=\"wp-block-paragraph\"><strong>REGGIO EMILIA, 24 agosto<\/strong> \u2013 FOS CVR, comincia la stagione. L\u2019appuntamento \u00e8 per mercoled\u00ec 26 alle 19 al PalaRivalta, quando la formazione cittadina comincer\u00e0 la propria preparazione atletica e tecnica in vista del secondo campionato consecutivo di Serie B1 femminile. Il programma \u00e8 fitto di impegni: tre giorni consecutivi di lavoro in palestra fino a venerd\u00ec, altri tre all\u2019inizio della settimana seguente poi, dopo il riposo di gioved\u00ec 3, il ritiro di Felina da venerd\u00ec 4 a domenica 6. Venerd\u00ec 11, contro le parmensi del Galaxy, \u00e8 in programma il primo allenamento congiunto, mentre il debutto in campionato avverr\u00e0 circa il mese seguente, il 17 ottobre, con la trasferta sul campo dell\u2019Anderlini Modena.<\/p>\n\n\n\n<p class=\"wp-block-paragraph\">Tanti i volti nuovi in squadra, con spazio per numerose ragazze del territorio: in cabina di regia il ritorno di Martina Mantovani, affiancato dall\u2019ex Ozzano Sara Guerra; nel ruolo di opposto, dal Minerva, \u00e8 arrivata Michela Cattabiani, mentre un&#8217;altra atleta gi\u00e0 vista a Rivalta \u00e8 Martina Furegato, ex Collecchio. Veronica Cioni sar\u00e0 per la quinta stagione il libero, dividendo lo spot con la forlivese Margherita Calderoni. Martina Brunfranco, Benedetta Ferrari, Marta Migliore e Rebecca Spagnuolo occuperanno lo spot di banda, mentre al centro spazio all\u2019esperienza di Sara Reverberi e Greta Frignani, insieme a Agnese Attolini, Ilaria Boni e Giulia Iotti.<\/p>\n","protected":false},"excerpt":{"rendered":"<p>REGGIO EMILIA, 24 agosto \u2013 FOS CVR, comincia la stagione. L\u2019appuntamento \u00e8 per mercoled\u00ec 26 alle 19 al PalaRivalta, quando la formazione cittadina comincer\u00e0 la propria preparazione atletica e tecnica &#8230;<\/p>\n","protected":false},"author":5,"featured_media":4055,"comment_status":"open","ping_status":"open","sticky":false,"template":"","format":"standard","meta":{"footnotes":""},"categories":[34],"tags":[39,31,87,95],"class_list":["post-4081","post","type-post","status-publish","format-standard","has-post-thumbnail","hentry","category-notizie","tag-centro-volley-reggiano","tag-fos-cvr","tag-serie-b1","tag-stagione-2026-2027"],"_links":{"self":[{"href":"https:\/\/www.centrovolleyreggiano.it\/stage_2024_db3\/wp-json\/wp\/v2\/posts\/4081","targetHints":{"allow":["GET"]}}],"collection":[{"href":"https:\/\/www.centrovolleyreggiano.it\/stage_2024_db3\/wp-json\/wp\/v2\/posts"}],"about":[{"href":"https:\/\/www.centrovolleyreggiano.it\/stage_2024_db3\/wp-json\/wp\/v2\/types\/post"}],"author":[{"embeddable":true,"href":"https:\/\/www.centrovolleyreggiano.it\/stage_2024_db3\/wp-json\/wp\/v2\/users\/5"}],"replies":[{"embeddable":true,"href":"https:\/\/www.centrovolleyreggiano.it\/stage_2024_db3\/wp-json\/wp\/v2\/comments?post=4081"}],"version-history":[{"count":1,"href":"https:\/\/www.centrovolleyreggiano.it\/stage_2024_db3\/wp-json\/wp\/v2\/posts\/4081\/revisions"}],"predecessor-version":[{"id":4082,"href":"https:\/\/www.centrovolleyreggiano.it\/stage_2024_db3\/wp-json\/wp\/v2\/posts\/4081\/revisions\/4082"}],"wp:featuredmedia":[{"embeddable":true,"href":"https:\/\/www.centrovolleyreggiano.it\/stage_2024_db3\/wp-json\/wp\/v2\/media\/4055"}],"wp:attachment":[{"href":"https:\/\/www.centrovolleyreggiano.it\/stage_2024_db3\/wp-json\/wp\/v2\/media?parent=4081"}],"wp:term":[{"taxonomy":"category","embeddable":true,"href":"https:\/\/www.centrovolleyreggiano.it\/stage_2024_db3\/wp-json\/wp\/v2\/categories?post=4081"},{"taxonomy":"post_tag","embeddable":true,"href":"https:\/\/www.centrovolleyreggiano.it\/stage_2024_db3\/wp-json\/wp\/v2\/tags?post=4081"}],"curies":[{"name":"wp","href":"https:\/\/api.w.org\/{rel}","templated":true}]}}